{"id":477,"date":"2024-04-22T07:25:40","date_gmt":"2024-04-22T10:25:40","guid":{"rendered":"https:\/\/unice.br\/site\/?p=477"},"modified":"2024-04-30T23:52:19","modified_gmt":"2024-05-01T02:52:19","slug":"tiradentes-21-de-abril","status":"publish","type":"post","link":"https:\/\/unice.br\/site\/index.php\/2024\/04\/22\/tiradentes-21-de-abril\/","title":{"rendered":"TIRADENTES 21 DE ABRIL"},"content":{"rendered":"<p><img loading=\"lazy\" decoding=\"async\" class=\"alignnone size-medium wp-image-479\" src=\"https:\/\/unice.br\/site\/wp-content\/uploads\/2024\/04\/tiradentes-1-300x202.jpg\" alt=\"\" width=\"300\" height=\"202\" srcset=\"https:\/\/unice.br\/site\/wp-content\/uploads\/2024\/04\/tiradentes-1-300x202.jpg 300w, https:\/\/unice.br\/site\/wp-content\/uploads\/2024\/04\/tiradentes-1-1024x688.jpg 1024w, https:\/\/unice.br\/site\/wp-content\/uploads\/2024\/04\/tiradentes-1-768x516.jpg 768w, https:\/\/unice.br\/site\/wp-content\/uploads\/2024\/04\/tiradentes-1.jpg 1088w\" sizes=\"auto, (max-width: 300px) 100vw, 300px\" \/><\/p>\n<p style=\"text-align: left;\"><strong>O Caminho da Vida<\/strong><\/p>\n<p style=\"text-align: left;\">O caminho da vida pode ser o da liberdade e da beleza, por\u00e9m nos extraviamos.<!--more--><\/p>\n<p style=\"text-align: left;\">A cobi\u00e7a envenenou a alma dos homens&#8230; levantou no mundo as muralhas do \u00f3dio&#8230; e tem-nos feito marchar a passo de ganso para a mis\u00e9ria e mortic\u00ednios.<\/p>\n<p style=\"text-align: left;\">Criamos a \u00e9poca da velocidade, mas nos sentimos enclausurados dentro dela. A m\u00e1quina, que produz abund\u00e2ncia, tem-nos deixado em pen\u00faria.<\/p>\n<p style=\"text-align: left;\">Nossos conhecimentos fizeram-nos c\u00e9ticos; nossa intelig\u00eancia, inflex\u00edveis e cru\u00e9is. Pensamos em demasia e sentimos bem pouco. Mais do que de m\u00e1quinas, precisamos de humanidade. Mais do que de intelig\u00eancia, precisamos de afei\u00e7\u00e3o e do\u00e7ura. Sem essas virtudes, a vida ser\u00e1 de viol\u00eancia e tudo ser\u00e1 perdido.<\/p>\n<p style=\"text-align: left;\">(Charles Chaplin)<\/p>\n","protected":false},"excerpt":{"rendered":"<p>O Caminho da Vida O caminho da vida pode ser o da liberdade e da beleza, por\u00e9m nos extraviamos.<\/p>\n","protected":false},"author":4,"featured_media":0,"comment_status":"closed","ping_status":"closed","sticky":false,"template":"","format":"standard","meta":{"footnotes":""},"categories":[8],"tags":[],"class_list":["post-477","post","type-post","status-publish","format-standard","hentry","category-noticias"],"_links":{"self":[{"href":"https:\/\/unice.br\/site\/index.php\/wp-json\/wp\/v2\/posts\/477","targetHints":{"allow":["GET"]}}],"collection":[{"href":"https:\/\/unice.br\/site\/index.php\/wp-json\/wp\/v2\/posts"}],"about":[{"href":"https:\/\/unice.br\/site\/index.php\/wp-json\/wp\/v2\/types\/post"}],"author":[{"embeddable":true,"href":"https:\/\/unice.br\/site\/index.php\/wp-json\/wp\/v2\/users\/4"}],"replies":[{"embeddable":true,"href":"https:\/\/unice.br\/site\/index.php\/wp-json\/wp\/v2\/comments?post=477"}],"version-history":[{"count":4,"href":"https:\/\/unice.br\/site\/index.php\/wp-json\/wp\/v2\/posts\/477\/revisions"}],"predecessor-version":[{"id":497,"href":"https:\/\/unice.br\/site\/index.php\/wp-json\/wp\/v2\/posts\/477\/revisions\/497"}],"wp:attachment":[{"href":"https:\/\/unice.br\/site\/index.php\/wp-json\/wp\/v2\/media?parent=477"}],"wp:term":[{"taxonomy":"category","embeddable":true,"href":"https:\/\/unice.br\/site\/index.php\/wp-json\/wp\/v2\/categories?post=477"},{"taxonomy":"post_tag","embeddable":true,"href":"https:\/\/unice.br\/site\/index.php\/wp-json\/wp\/v2\/tags?post=477"}],"curies":[{"name":"wp","href":"https:\/\/api.w.org\/{rel}","templated":true}]}}